{"id":201,"date":"2021-04-05T10:18:27","date_gmt":"2021-04-05T10:18:27","guid":{"rendered":"http:\/\/www.vedet.toutestbleu.info\/?p=201"},"modified":"2021-04-05T10:18:27","modified_gmt":"2021-04-05T10:18:27","slug":"pohjalaisjoet-tulvivat-selvasti-normaalia-aikaisemmin","status":"publish","type":"post","link":"https:\/\/www.vedet.toutestbleu.info\/index.php\/2021\/04\/05\/pohjalaisjoet-tulvivat-selvasti-normaalia-aikaisemmin\/","title":{"rendered":"Pohjalaisjoet tulvivat selv\u00e4sti normaalia aikaisemmin"},"content":{"rendered":"<p><a href=\"http:\/\/www.vedet.toutestbleu.info\/wp-content\/uploads\/2021\/04\/0e65c8e9-eeb0-452a-b358-dd825d5eb0da-w_576_h_2000.jpeg\"><img loading=\"lazy\" decoding=\"async\" class=\"alignnone  wp-image-202\" src=\"http:\/\/www.vedet.toutestbleu.info\/wp-content\/uploads\/2021\/04\/0e65c8e9-eeb0-452a-b358-dd825d5eb0da-w_576_h_2000.jpeg\" alt=\"0e65c8e9-eeb0-452a-b358-dd825d5eb0da-w_576_h_2000\" width=\"632\" height=\"314\" \/><\/a><\/p>\n<p><em>Laihianjoen vedenpinta oli korkealla Karkkimalan mittausaseman liepeill\u00e4 31.3.2021 <\/em><\/p>\n<p><strong>Etel\u00e4-Pohjanmaalla ja Pohjanmaalla jokien j\u00e4iden l\u00e4ht\u00f6 ja kev\u00e4inen tulvahuippu ajoittuvat keskim\u00e4\u00e4rin huhtikuun toiselle viikolle ja Keski-Pohjanmaalla huhtikuun loppupuolelle. T\u00e4n\u00e4 vuonna Etel\u00e4-Pohjanmaan ja Pohjanmaan joet saavuttivat kev\u00e4\u00e4n tulvahuipun pari viikkoa normaalia aikaisemmin eli v\u00e4lill\u00e4 30.3. \u2013 3.4.2021. Toistuvuudeltaan Lapuanjoen, Kyr\u00f6njoen, Laihianjoen ja Maalahdenjoen tulva vastasi noin kerran 5\u201310 vuodessa toistuvaa tulvaa. My\u00f6s Lapuanjoen pohjoispuoliset joet ovat viime p\u00e4ivin\u00e4 nousseet nopeasti ja voivat saavuttaa tulvahuippunsa melko piankin. Toisaalta on mahdollista, ett\u00e4 Keski-Pohjanmaan joet saavuttavat t\u00e4m\u00e4n kev\u00e4\u00e4n tulvahuipun vasta huhtikuun loppupuolella, sill\u00e4 alkavalle viikolle on ennustettu kylmemp\u00e4\u00e4 s\u00e4\u00e4t\u00e4.<\/strong><\/p>\n<p>Kyr\u00f6njoen alaosalla vuosina 1911\u20132020 suurin maaliskuussa ja huhtikuun alussa todettu virtaama on ollut keskim\u00e4\u00e4rin tasoa 300 m3\/s, kun t\u00e4n\u00e4 vuonna virtaama oli maalis-huhtikuun vaihteessa suurimmillaan 370 m3\/s. \u00a0Etel\u00e4-Pohjanmaalla ja Pohjanmaalla kev\u00e4\u00e4n\u00a0tulvahuippu on nyt ohi ja jokien pinnat k\u00e4\u00e4ntyiv\u00e4t selv\u00e4\u00e4n laskuun viimeist\u00e4\u00e4n p\u00e4\u00e4si\u00e4isp\u00e4iv\u00e4n\u00e4 4.4.2021.\u00a0V\u00e4h\u00e4nkyr\u00f6n alapuoliset j\u00e4\u00e4t siirtyiv\u00e4t kohti merta 3.4.2021 illalla, eiv\u00e4tk\u00e4 aiheuttaneet merkitt\u00e4vi\u00e4 tulvavahinkoja. Pohjalaisjokien\u00a0kev\u00e4iset tulvahuiput ovat yleens\u00e4 nopeita, mutta t\u00e4n\u00e4 vuonna huippulukemissa on oltu useita p\u00e4ivi\u00e4. Esimerkiksi Ilmajoella Nikkolassa oltiin l\u00e4hell\u00e4 tulvaluukkujen kev\u00e4ist\u00e4 avaamista\u00a030.3.\u20132.4.2021, mik\u00e4 on aikaisemmin kuin koskaan ennen. Viime viikon v\u00e4h\u00e4iset sateet, loppuviikon kylm\u00e4t y\u00f6t ja tekoj\u00e4rvien t\u00e4yt\u00f6n onnistunut ajoitus olivat todenn\u00e4k\u00f6isesti suurimmat syyt siihen, ett\u00e4 tulvaluukkuja ei tarvinnut avata Kyr\u00f6n- tai Lapuanjoella.<\/p>\n<p>Isojen j\u00e4rvien pinnat nousevat kev\u00e4iseen huippunsa selv\u00e4sti my\u00f6hemmin kuin jokiuomat. Kuortaneenj\u00e4rvelle ennustetaan kaksiosaista huippua: ensimm\u00e4inen huippu jo alkavan viikon lopulla ja toinen suurempi huippu 20. huhtikuuta j\u00e4lkeen. J\u00e4lkimm\u00e4inen huippu saattaa nousta tasolle, joka voi aiheuttaa haittoja matalalla oleville lomarakennuksille. Ennusteeseen liittyy viel\u00e4 kuitenkin paljon ep\u00e4varmuutta. Lappaj\u00e4rven ja Lestij\u00e4rven tulvahuippua ennustetaan toukokuun alkuun.<\/p>\n<p>Lis\u00e4tietoja Twitteriss\u00e4:<\/p>\n<p>@tulvatpohjanmaa<\/p>\n<p>@pinnanalta (SYKEn hydrologit)<\/p>\n<p>@meteorologit (Ilmatieteen laitos)<\/p>\n<div style=\"margin-top: 0px; margin-bottom: 0px;\" class=\"sharethis-inline-share-buttons\" ><\/div>","protected":false},"excerpt":{"rendered":"<div class=\"mh-excerpt\"><p>Laihianjoen vedenpinta oli korkealla Karkkimalan mittausaseman liepeill\u00e4 31.3.2021 Etel\u00e4-Pohjanmaalla ja Pohjanmaalla jokien j\u00e4iden l\u00e4ht\u00f6 ja kev\u00e4inen tulvahuippu ajoittuvat keskim\u00e4\u00e4rin huhtikuun toiselle viikolle ja Keski-Pohjanmaalla huhtikuun <a class=\"mh-excerpt-more\" href=\"https:\/\/www.vedet.toutestbleu.info\/index.php\/2021\/04\/05\/pohjalaisjoet-tulvivat-selvasti-normaalia-aikaisemmin\/\" title=\"Pohjalaisjoet tulvivat selv\u00e4sti normaalia aikaisemmin\">[&#8230;]<\/a><\/p>\n<\/div>","protected":false},"author":1,"featured_media":0,"comment_status":"closed","ping_status":"closed","sticky":false,"template":"","format":"standard","meta":{"footnotes":""},"categories":[34],"tags":[],"class_list":["post-201","post","type-post","status-publish","format-standard","hentry","category-etela-pohjanmaan-ely-keskus"],"yoast_head":"<!-- This site is optimized with the Yoast SEO plugin v27.5 - https:\/\/yoast.com\/product\/yoast-seo-wordpress\/ -->\n<title>Pohjalaisjoet tulvivat selv\u00e4sti normaalia aikaisemmin - Suvi P\u00e4ivikki - Vesist\u00f6uutiset<\/title>\n<meta name=\"robots\" content=\"index, follow, max-snippet:-1, max-image-preview:large, max-video-preview:-1\" \/>\n<link rel=\"canonical\" href=\"https:\/\/www.vedet.toutestbleu.info\/index.php\/2021\/04\/05\/pohjalaisjoet-tulvivat-selvasti-normaalia-aikaisemmin\/\" \/>\n<meta property=\"og:locale\" content=\"en_US\" \/>\n<meta property=\"og:type\" content=\"article\" \/>\n<meta property=\"og:title\" content=\"Pohjalaisjoet tulvivat selv\u00e4sti normaalia aikaisemmin - Suvi P\u00e4ivikki - Vesist\u00f6uutiset\" \/>\n<meta property=\"og:description\" content=\"Laihianjoen vedenpinta oli korkealla Karkkimalan mittausaseman liepeill\u00e4 31.3.2021 Etel\u00e4-Pohjanmaalla ja Pohjanmaalla jokien j\u00e4iden l\u00e4ht\u00f6 ja kev\u00e4inen tulvahuippu ajoittuvat keskim\u00e4\u00e4rin huhtikuun toiselle viikolle ja Keski-Pohjanmaalla huhtikuun [...]\" \/>\n<meta property=\"og:url\" content=\"https:\/\/www.vedet.toutestbleu.info\/index.php\/2021\/04\/05\/pohjalaisjoet-tulvivat-selvasti-normaalia-aikaisemmin\/\" \/>\n<meta property=\"og:site_name\" content=\"Suvi P\u00e4ivikki - Vesist\u00f6uutiset\" \/>\n<meta property=\"article:publisher\" content=\"https:\/\/www.facebook.com\/suviweather\" \/>\n<meta property=\"article:published_time\" content=\"2021-04-05T10:18:27+00:00\" \/>\n<meta property=\"og:image\" content=\"http:\/\/www.vedet.toutestbleu.info\/wp-content\/uploads\/2021\/04\/0e65c8e9-eeb0-452a-b358-dd825d5eb0da-w_576_h_2000.jpeg\" \/>\n<meta name=\"author\" content=\"kerttuvali\" \/>\n<meta name=\"twitter:card\" content=\"summary_large_image\" \/>\n<meta name=\"twitter:creator\" content=\"@toutestbleu\" \/>\n<meta name=\"twitter:site\" content=\"@toutestbleu\" \/>\n<meta name=\"twitter:label1\" content=\"Written by\" \/>\n\t<meta name=\"twitter:data1\" content=\"kerttuvali\" \/>\n\t<meta name=\"twitter:label2\" content=\"Est. reading time\" \/>\n\t<meta name=\"twitter:data2\" content=\"2 minutes\" \/>\n<script type=\"application\/ld+json\" class=\"yoast-schema-graph\">{\"@context\":\"https:\\\/\\\/schema.org\",\"@graph\":[{\"@type\":\"Article\",\"@id\":\"https:\\\/\\\/www.vedet.toutestbleu.info\\\/index.php\\\/2021\\\/04\\\/05\\\/pohjalaisjoet-tulvivat-selvasti-normaalia-aikaisemmin\\\/#article\",\"isPartOf\":{\"@id\":\"https:\\\/\\\/www.vedet.toutestbleu.info\\\/index.php\\\/2021\\\/04\\\/05\\\/pohjalaisjoet-tulvivat-selvasti-normaalia-aikaisemmin\\\/\"},\"author\":{\"name\":\"kerttuvali\",\"@id\":\"https:\\\/\\\/www.vedet.toutestbleu.info\\\/#\\\/schema\\\/person\\\/c5e04e2500a7d2ae32800ba83b651d58\"},\"headline\":\"Pohjalaisjoet tulvivat selv\u00e4sti normaalia aikaisemmin\",\"datePublished\":\"2021-04-05T10:18:27+00:00\",\"mainEntityOfPage\":{\"@id\":\"https:\\\/\\\/www.vedet.toutestbleu.info\\\/index.php\\\/2021\\\/04\\\/05\\\/pohjalaisjoet-tulvivat-selvasti-normaalia-aikaisemmin\\\/\"},\"wordCount\":324,\"publisher\":{\"@id\":\"https:\\\/\\\/www.vedet.toutestbleu.info\\\/#organization\"},\"image\":{\"@id\":\"https:\\\/\\\/www.vedet.toutestbleu.info\\\/index.php\\\/2021\\\/04\\\/05\\\/pohjalaisjoet-tulvivat-selvasti-normaalia-aikaisemmin\\\/#primaryimage\"},\"thumbnailUrl\":\"http:\\\/\\\/www.vedet.toutestbleu.info\\\/wp-content\\\/uploads\\\/2021\\\/04\\\/0e65c8e9-eeb0-452a-b358-dd825d5eb0da-w_576_h_2000.jpeg\",\"articleSection\":[\"Etel\u00e4-Pohjanmaan ELY-keskus\"],\"inLanguage\":\"en-US\"},{\"@type\":\"WebPage\",\"@id\":\"https:\\\/\\\/www.vedet.toutestbleu.info\\\/index.php\\\/2021\\\/04\\\/05\\\/pohjalaisjoet-tulvivat-selvasti-normaalia-aikaisemmin\\\/\",\"url\":\"https:\\\/\\\/www.vedet.toutestbleu.info\\\/index.php\\\/2021\\\/04\\\/05\\\/pohjalaisjoet-tulvivat-selvasti-normaalia-aikaisemmin\\\/\",\"name\":\"Pohjalaisjoet tulvivat selv\u00e4sti normaalia aikaisemmin - Suvi P\u00e4ivikki - Vesist\u00f6uutiset\",\"isPartOf\":{\"@id\":\"https:\\\/\\\/www.vedet.toutestbleu.info\\\/#website\"},\"primaryImageOfPage\":{\"@id\":\"https:\\\/\\\/www.vedet.toutestbleu.info\\\/index.php\\\/2021\\\/04\\\/05\\\/pohjalaisjoet-tulvivat-selvasti-normaalia-aikaisemmin\\\/#primaryimage\"},\"image\":{\"@id\":\"https:\\\/\\\/www.vedet.toutestbleu.info\\\/index.php\\\/2021\\\/04\\\/05\\\/pohjalaisjoet-tulvivat-selvasti-normaalia-aikaisemmin\\\/#primaryimage\"},\"thumbnailUrl\":\"http:\\\/\\\/www.vedet.toutestbleu.info\\\/wp-content\\\/uploads\\\/2021\\\/04\\\/0e65c8e9-eeb0-452a-b358-dd825d5eb0da-w_576_h_2000.jpeg\",\"datePublished\":\"2021-04-05T10:18:27+00:00\",\"breadcrumb\":{\"@id\":\"https:\\\/\\\/www.vedet.toutestbleu.info\\\/index.php\\\/2021\\\/04\\\/05\\\/pohjalaisjoet-tulvivat-selvasti-normaalia-aikaisemmin\\\/#breadcrumb\"},\"inLanguage\":\"en-US\",\"potentialAction\":[{\"@type\":\"ReadAction\",\"target\":[\"https:\\\/\\\/www.vedet.toutestbleu.info\\\/index.php\\\/2021\\\/04\\\/05\\\/pohjalaisjoet-tulvivat-selvasti-normaalia-aikaisemmin\\\/\"]}]},{\"@type\":\"ImageObject\",\"inLanguage\":\"en-US\",\"@id\":\"https:\\\/\\\/www.vedet.toutestbleu.info\\\/index.php\\\/2021\\\/04\\\/05\\\/pohjalaisjoet-tulvivat-selvasti-normaalia-aikaisemmin\\\/#primaryimage\",\"url\":\"https:\\\/\\\/www.vedet.toutestbleu.info\\\/wp-content\\\/uploads\\\/2021\\\/04\\\/0e65c8e9-eeb0-452a-b358-dd825d5eb0da-w_576_h_2000.jpeg\",\"contentUrl\":\"https:\\\/\\\/www.vedet.toutestbleu.info\\\/wp-content\\\/uploads\\\/2021\\\/04\\\/0e65c8e9-eeb0-452a-b358-dd825d5eb0da-w_576_h_2000.jpeg\",\"width\":576,\"height\":280},{\"@type\":\"BreadcrumbList\",\"@id\":\"https:\\\/\\\/www.vedet.toutestbleu.info\\\/index.php\\\/2021\\\/04\\\/05\\\/pohjalaisjoet-tulvivat-selvasti-normaalia-aikaisemmin\\\/#breadcrumb\",\"itemListElement\":[{\"@type\":\"ListItem\",\"position\":1,\"name\":\"Home\",\"item\":\"https:\\\/\\\/www.vedet.toutestbleu.info\\\/\"},{\"@type\":\"ListItem\",\"position\":2,\"name\":\"Pohjalaisjoet tulvivat selv\u00e4sti normaalia aikaisemmin\"}]},{\"@type\":\"WebSite\",\"@id\":\"https:\\\/\\\/www.vedet.toutestbleu.info\\\/#website\",\"url\":\"https:\\\/\\\/www.vedet.toutestbleu.info\\\/\",\"name\":\"Suvi P\u00e4ivikki - Vesist\u00f6uutiset\",\"description\":\"S&auml;&auml; ja Ilmastosivut\",\"publisher\":{\"@id\":\"https:\\\/\\\/www.vedet.toutestbleu.info\\\/#organization\"},\"potentialAction\":[{\"@type\":\"SearchAction\",\"target\":{\"@type\":\"EntryPoint\",\"urlTemplate\":\"https:\\\/\\\/www.vedet.toutestbleu.info\\\/?s={search_term_string}\"},\"query-input\":{\"@type\":\"PropertyValueSpecification\",\"valueRequired\":true,\"valueName\":\"search_term_string\"}}],\"inLanguage\":\"en-US\"},{\"@type\":\"Organization\",\"@id\":\"https:\\\/\\\/www.vedet.toutestbleu.info\\\/#organization\",\"name\":\"S\u00e4\u00e4asema Suvi P\u00e4ivikki\",\"url\":\"https:\\\/\\\/www.vedet.toutestbleu.info\\\/\",\"logo\":{\"@type\":\"ImageObject\",\"inLanguage\":\"en-US\",\"@id\":\"https:\\\/\\\/www.vedet.toutestbleu.info\\\/#\\\/schema\\\/logo\\\/image\\\/\",\"url\":\"https:\\\/\\\/www.vedet.toutestbleu.info\\\/wp-content\\\/uploads\\\/2022\\\/06\\\/140192989_3766714450061348_3896388551266074097_n.png\",\"contentUrl\":\"https:\\\/\\\/www.vedet.toutestbleu.info\\\/wp-content\\\/uploads\\\/2022\\\/06\\\/140192989_3766714450061348_3896388551266074097_n.png\",\"width\":410,\"height\":410,\"caption\":\"S\u00e4\u00e4asema Suvi P\u00e4ivikki\"},\"image\":{\"@id\":\"https:\\\/\\\/www.vedet.toutestbleu.info\\\/#\\\/schema\\\/logo\\\/image\\\/\"},\"sameAs\":[\"https:\\\/\\\/www.facebook.com\\\/suviweather\",\"https:\\\/\\\/x.com\\\/toutestbleu\"]},{\"@type\":\"Person\",\"@id\":\"https:\\\/\\\/www.vedet.toutestbleu.info\\\/#\\\/schema\\\/person\\\/c5e04e2500a7d2ae32800ba83b651d58\",\"name\":\"kerttuvali\",\"image\":{\"@type\":\"ImageObject\",\"inLanguage\":\"en-US\",\"@id\":\"https:\\\/\\\/secure.gravatar.com\\\/avatar\\\/34f9eb33e52825eab50bc639b8871ba0b5c6f257f9417fd74cf8bf1b033a42f1?s=96&d=mm&r=g\",\"url\":\"https:\\\/\\\/secure.gravatar.com\\\/avatar\\\/34f9eb33e52825eab50bc639b8871ba0b5c6f257f9417fd74cf8bf1b033a42f1?s=96&d=mm&r=g\",\"contentUrl\":\"https:\\\/\\\/secure.gravatar.com\\\/avatar\\\/34f9eb33e52825eab50bc639b8871ba0b5c6f257f9417fd74cf8bf1b033a42f1?s=96&d=mm&r=g\",\"caption\":\"kerttuvali\"},\"url\":\"https:\\\/\\\/www.vedet.toutestbleu.info\\\/index.php\\\/author\\\/kerttuvali\\\/\"}]}<\/script>\n<!-- \/ Yoast SEO plugin. -->","yoast_head_json":{"title":"Pohjalaisjoet tulvivat selv\u00e4sti normaalia aikaisemmin - Suvi P\u00e4ivikki - Vesist\u00f6uutiset","robots":{"index":"index","follow":"follow","max-snippet":"max-snippet:-1","max-image-preview":"max-image-preview:large","max-video-preview":"max-video-preview:-1"},"canonical":"https:\/\/www.vedet.toutestbleu.info\/index.php\/2021\/04\/05\/pohjalaisjoet-tulvivat-selvasti-normaalia-aikaisemmin\/","og_locale":"en_US","og_type":"article","og_title":"Pohjalaisjoet tulvivat selv\u00e4sti normaalia aikaisemmin - Suvi P\u00e4ivikki - Vesist\u00f6uutiset","og_description":"Laihianjoen vedenpinta oli korkealla Karkkimalan mittausaseman liepeill\u00e4 31.3.2021 Etel\u00e4-Pohjanmaalla ja Pohjanmaalla jokien j\u00e4iden l\u00e4ht\u00f6 ja kev\u00e4inen tulvahuippu ajoittuvat keskim\u00e4\u00e4rin huhtikuun toiselle viikolle ja Keski-Pohjanmaalla huhtikuun [...]","og_url":"https:\/\/www.vedet.toutestbleu.info\/index.php\/2021\/04\/05\/pohjalaisjoet-tulvivat-selvasti-normaalia-aikaisemmin\/","og_site_name":"Suvi P\u00e4ivikki - Vesist\u00f6uutiset","article_publisher":"https:\/\/www.facebook.com\/suviweather","article_published_time":"2021-04-05T10:18:27+00:00","og_image":[{"url":"http:\/\/www.vedet.toutestbleu.info\/wp-content\/uploads\/2021\/04\/0e65c8e9-eeb0-452a-b358-dd825d5eb0da-w_576_h_2000.jpeg","type":"","width":"","height":""}],"author":"kerttuvali","twitter_card":"summary_large_image","twitter_creator":"@toutestbleu","twitter_site":"@toutestbleu","twitter_misc":{"Written by":"kerttuvali","Est. reading time":"2 minutes"},"schema":{"@context":"https:\/\/schema.org","@graph":[{"@type":"Article","@id":"https:\/\/www.vedet.toutestbleu.info\/index.php\/2021\/04\/05\/pohjalaisjoet-tulvivat-selvasti-normaalia-aikaisemmin\/#article","isPartOf":{"@id":"https:\/\/www.vedet.toutestbleu.info\/index.php\/2021\/04\/05\/pohjalaisjoet-tulvivat-selvasti-normaalia-aikaisemmin\/"},"author":{"name":"kerttuvali","@id":"https:\/\/www.vedet.toutestbleu.info\/#\/schema\/person\/c5e04e2500a7d2ae32800ba83b651d58"},"headline":"Pohjalaisjoet tulvivat selv\u00e4sti normaalia aikaisemmin","datePublished":"2021-04-05T10:18:27+00:00","mainEntityOfPage":{"@id":"https:\/\/www.vedet.toutestbleu.info\/index.php\/2021\/04\/05\/pohjalaisjoet-tulvivat-selvasti-normaalia-aikaisemmin\/"},"wordCount":324,"publisher":{"@id":"https:\/\/www.vedet.toutestbleu.info\/#organization"},"image":{"@id":"https:\/\/www.vedet.toutestbleu.info\/index.php\/2021\/04\/05\/pohjalaisjoet-tulvivat-selvasti-normaalia-aikaisemmin\/#primaryimage"},"thumbnailUrl":"http:\/\/www.vedet.toutestbleu.info\/wp-content\/uploads\/2021\/04\/0e65c8e9-eeb0-452a-b358-dd825d5eb0da-w_576_h_2000.jpeg","articleSection":["Etel\u00e4-Pohjanmaan ELY-keskus"],"inLanguage":"en-US"},{"@type":"WebPage","@id":"https:\/\/www.vedet.toutestbleu.info\/index.php\/2021\/04\/05\/pohjalaisjoet-tulvivat-selvasti-normaalia-aikaisemmin\/","url":"https:\/\/www.vedet.toutestbleu.info\/index.php\/2021\/04\/05\/pohjalaisjoet-tulvivat-selvasti-normaalia-aikaisemmin\/","name":"Pohjalaisjoet tulvivat selv\u00e4sti normaalia aikaisemmin - Suvi P\u00e4ivikki - Vesist\u00f6uutiset","isPartOf":{"@id":"https:\/\/www.vedet.toutestbleu.info\/#website"},"primaryImageOfPage":{"@id":"https:\/\/www.vedet.toutestbleu.info\/index.php\/2021\/04\/05\/pohjalaisjoet-tulvivat-selvasti-normaalia-aikaisemmin\/#primaryimage"},"image":{"@id":"https:\/\/www.vedet.toutestbleu.info\/index.php\/2021\/04\/05\/pohjalaisjoet-tulvivat-selvasti-normaalia-aikaisemmin\/#primaryimage"},"thumbnailUrl":"http:\/\/www.vedet.toutestbleu.info\/wp-content\/uploads\/2021\/04\/0e65c8e9-eeb0-452a-b358-dd825d5eb0da-w_576_h_2000.jpeg","datePublished":"2021-04-05T10:18:27+00:00","breadcrumb":{"@id":"https:\/\/www.vedet.toutestbleu.info\/index.php\/2021\/04\/05\/pohjalaisjoet-tulvivat-selvasti-normaalia-aikaisemmin\/#breadcrumb"},"inLanguage":"en-US","potentialAction":[{"@type":"ReadAction","target":["https:\/\/www.vedet.toutestbleu.info\/index.php\/2021\/04\/05\/pohjalaisjoet-tulvivat-selvasti-normaalia-aikaisemmin\/"]}]},{"@type":"ImageObject","inLanguage":"en-US","@id":"https:\/\/www.vedet.toutestbleu.info\/index.php\/2021\/04\/05\/pohjalaisjoet-tulvivat-selvasti-normaalia-aikaisemmin\/#primaryimage","url":"https:\/\/www.vedet.toutestbleu.info\/wp-content\/uploads\/2021\/04\/0e65c8e9-eeb0-452a-b358-dd825d5eb0da-w_576_h_2000.jpeg","contentUrl":"https:\/\/www.vedet.toutestbleu.info\/wp-content\/uploads\/2021\/04\/0e65c8e9-eeb0-452a-b358-dd825d5eb0da-w_576_h_2000.jpeg","width":576,"height":280},{"@type":"BreadcrumbList","@id":"https:\/\/www.vedet.toutestbleu.info\/index.php\/2021\/04\/05\/pohjalaisjoet-tulvivat-selvasti-normaalia-aikaisemmin\/#breadcrumb","itemListElement":[{"@type":"ListItem","position":1,"name":"Home","item":"https:\/\/www.vedet.toutestbleu.info\/"},{"@type":"ListItem","position":2,"name":"Pohjalaisjoet tulvivat selv\u00e4sti normaalia aikaisemmin"}]},{"@type":"WebSite","@id":"https:\/\/www.vedet.toutestbleu.info\/#website","url":"https:\/\/www.vedet.toutestbleu.info\/","name":"Suvi P\u00e4ivikki - Vesist\u00f6uutiset","description":"S&auml;&auml; ja Ilmastosivut","publisher":{"@id":"https:\/\/www.vedet.toutestbleu.info\/#organization"},"potentialAction":[{"@type":"SearchAction","target":{"@type":"EntryPoint","urlTemplate":"https:\/\/www.vedet.toutestbleu.info\/?s={search_term_string}"},"query-input":{"@type":"PropertyValueSpecification","valueRequired":true,"valueName":"search_term_string"}}],"inLanguage":"en-US"},{"@type":"Organization","@id":"https:\/\/www.vedet.toutestbleu.info\/#organization","name":"S\u00e4\u00e4asema Suvi P\u00e4ivikki","url":"https:\/\/www.vedet.toutestbleu.info\/","logo":{"@type":"ImageObject","inLanguage":"en-US","@id":"https:\/\/www.vedet.toutestbleu.info\/#\/schema\/logo\/image\/","url":"https:\/\/www.vedet.toutestbleu.info\/wp-content\/uploads\/2022\/06\/140192989_3766714450061348_3896388551266074097_n.png","contentUrl":"https:\/\/www.vedet.toutestbleu.info\/wp-content\/uploads\/2022\/06\/140192989_3766714450061348_3896388551266074097_n.png","width":410,"height":410,"caption":"S\u00e4\u00e4asema Suvi P\u00e4ivikki"},"image":{"@id":"https:\/\/www.vedet.toutestbleu.info\/#\/schema\/logo\/image\/"},"sameAs":["https:\/\/www.facebook.com\/suviweather","https:\/\/x.com\/toutestbleu"]},{"@type":"Person","@id":"https:\/\/www.vedet.toutestbleu.info\/#\/schema\/person\/c5e04e2500a7d2ae32800ba83b651d58","name":"kerttuvali","image":{"@type":"ImageObject","inLanguage":"en-US","@id":"https:\/\/secure.gravatar.com\/avatar\/34f9eb33e52825eab50bc639b8871ba0b5c6f257f9417fd74cf8bf1b033a42f1?s=96&d=mm&r=g","url":"https:\/\/secure.gravatar.com\/avatar\/34f9eb33e52825eab50bc639b8871ba0b5c6f257f9417fd74cf8bf1b033a42f1?s=96&d=mm&r=g","contentUrl":"https:\/\/secure.gravatar.com\/avatar\/34f9eb33e52825eab50bc639b8871ba0b5c6f257f9417fd74cf8bf1b033a42f1?s=96&d=mm&r=g","caption":"kerttuvali"},"url":"https:\/\/www.vedet.toutestbleu.info\/index.php\/author\/kerttuvali\/"}]}},"_links":{"self":[{"href":"https:\/\/www.vedet.toutestbleu.info\/index.php\/wp-json\/wp\/v2\/posts\/201","targetHints":{"allow":["GET"]}}],"collection":[{"href":"https:\/\/www.vedet.toutestbleu.info\/index.php\/wp-json\/wp\/v2\/posts"}],"about":[{"href":"https:\/\/www.vedet.toutestbleu.info\/index.php\/wp-json\/wp\/v2\/types\/post"}],"author":[{"embeddable":true,"href":"https:\/\/www.vedet.toutestbleu.info\/index.php\/wp-json\/wp\/v2\/users\/1"}],"replies":[{"embeddable":true,"href":"https:\/\/www.vedet.toutestbleu.info\/index.php\/wp-json\/wp\/v2\/comments?post=201"}],"version-history":[{"count":1,"href":"https:\/\/www.vedet.toutestbleu.info\/index.php\/wp-json\/wp\/v2\/posts\/201\/revisions"}],"predecessor-version":[{"id":203,"href":"https:\/\/www.vedet.toutestbleu.info\/index.php\/wp-json\/wp\/v2\/posts\/201\/revisions\/203"}],"wp:attachment":[{"href":"https:\/\/www.vedet.toutestbleu.info\/index.php\/wp-json\/wp\/v2\/media?parent=201"}],"wp:term":[{"taxonomy":"category","embeddable":true,"href":"https:\/\/www.vedet.toutestbleu.info\/index.php\/wp-json\/wp\/v2\/categories?post=201"},{"taxonomy":"post_tag","embeddable":true,"href":"https:\/\/www.vedet.toutestbleu.info\/index.php\/wp-json\/wp\/v2\/tags?post=201"}],"curies":[{"name":"wp","href":"https:\/\/api.w.org\/{rel}","templated":true}]}}