{"id":192,"date":"2021-01-11T12:57:17","date_gmt":"2021-01-11T12:57:17","guid":{"rendered":"http:\/\/www.vedet.toutestbleu.info\/?p=192"},"modified":"2021-01-11T12:57:17","modified_gmt":"2021-01-11T12:57:17","slug":"jaanpaksuus-vaihtelee-petollisesti-koko-maassa-ja-jaat-ovat-normaalia-ohuempia-erityisesti-etela-suomessa","status":"publish","type":"post","link":"https:\/\/www.vedet.toutestbleu.info\/index.php\/2021\/01\/11\/jaanpaksuus-vaihtelee-petollisesti-koko-maassa-ja-jaat-ovat-normaalia-ohuempia-erityisesti-etela-suomessa\/","title":{"rendered":"J\u00e4\u00e4npaksuus vaihtelee petollisesti koko maassa ja j\u00e4\u00e4t ovat normaalia ohuempia erityisesti Etel\u00e4-Suomessa"},"content":{"rendered":"<p><a href=\"http:\/\/www.vedet.toutestbleu.info\/wp-content\/uploads\/2021\/01\/Aanekosken-Aanejarvi_jaatymassa_10-01-2021_Kuva_Merja_Pulkkanen_SYKE.png\"><img loading=\"lazy\" decoding=\"async\" class=\"alignnone  wp-image-193\" src=\"http:\/\/www.vedet.toutestbleu.info\/wp-content\/uploads\/2021\/01\/Aanekosken-Aanejarvi_jaatymassa_10-01-2021_Kuva_Merja_Pulkkanen_SYKE.png\" alt=\"Aanekosken Aanejarvi_jaatymassa_10-01-2021_Kuva_Merja_Pulkkanen_SYKE\" width=\"668\" height=\"402\" \/><\/a><\/p>\n<p><em>\u00c4\u00e4nekosken \u00c4\u00e4nej\u00e4rvi 10.01.2021. \u00a9 Kuva: Merja Pulkkanen SYKE<\/em><\/p>\n<p>Koko maan vesist\u00f6jen j\u00e4\u00e4 on 10-30 cm ohuempaa kuin tavallisesti t\u00e4h\u00e4n aikaan. Etel\u00e4-Suomen j\u00e4rvien j\u00e4it\u00e4 ei ole viel\u00e4 pystytty turvallisesti mittaamaan. Vesist\u00f6jen j\u00e4\u00e4npaksuus vaihtelee huomattavasti pienell\u00e4kin alueella sek\u00e4 eri puolilla Suomea. Lis\u00e4ksi ter\u00e4sj\u00e4\u00e4t\u00e4 hauraampaa kohvaj\u00e4\u00e4t\u00e4 muodostuu nyt yleisesti. J\u00e4\u00e4lle satava lumi hidastaa ter\u00e4sj\u00e4\u00e4n paksuuskasvua, lis\u00e4\u00e4 kohvaj\u00e4\u00e4n muodostumista ja hankaloittaa heikon j\u00e4\u00e4alueen n\u00e4kemist\u00e4. J\u00e4\u00e4ll\u00e4 liikkumista on nyt syyt\u00e4 v\u00e4ltt\u00e4\u00e4 siihen asti, ett\u00e4 ne vahvistuvat.<\/p>\n<p>\u201dViime p\u00e4ivien pakkass\u00e4\u00e4n my\u00f6t\u00e4 monet pienemm\u00e4t j\u00e4rvet my\u00f6s etel\u00e4isess\u00e4 ja lounaisessa Suomessa ovat saaneet yhten\u00e4isen heikon j\u00e4\u00e4peitteen, jonka mittausta ei ole turvallisuussyist\u00e4 voitu tehd\u00e4. J\u00e4\u00e4lle ei siis pid\u00e4 nyt l\u00e4hte\u00e4\u201d, hydrologi\u00a0<strong>Merja Pulkkanen<\/strong>\u00a0Suomen ymp\u00e4rist\u00f6keskuksesta painottaa.<\/p>\n<p>Keskisess\u00e4 Suomessa suuret j\u00e4rvet ja niiden selk\u00e4vedet, esimerkiksi N\u00e4sij\u00e4rvi ja P\u00e4ij\u00e4nteen Tehinselk\u00e4, eiv\u00e4t ole viel\u00e4 kokonaan j\u00e4\u00e4tyneet. Keskisess\u00e4 Suomessa j\u00e4\u00e4npaksuus vaihteli 2-20 cm:n v\u00e4lill\u00e4 niill\u00e4 havaintopaikoilla, joilla mittaus on voitu tehd\u00e4. Havainnot olivat 10-30 cm pienempi\u00e4 kuin tavanomaisesti t\u00e4h\u00e4n aikaan.<\/p>\n<p>Pohjois-Pohjanmaalla ja Kainuussa j\u00e4\u00e4npaksuus vaihteli 14-25 cm:n paikkeilla havaintopaikoilla, mik\u00e4 oli 10-15 cm keskim\u00e4\u00e4r\u00e4ist\u00e4 ohuempaa. Lapissa j\u00e4\u00e4npaksuus vaihteli 24-44 cm:n v\u00e4lill\u00e4 ja j\u00e4\u00e4peite oli 10-20 cm keskim\u00e4\u00e4r\u00e4ist\u00e4 ohuempaa.<\/p>\n<h2>J\u00e4\u00e4tilannearvio perustuu havaintoihin<\/h2>\n<p>SYKE p\u00e4ivitt\u00e4\u00e4 arvion j\u00e4\u00e4tilanteesta kolme kertaa kuukaudessa. Arvio perustuu 47 havaintopaikan j\u00e4\u00e4npaksuusmittauksiin eri puolilla Suomea. J\u00e4\u00e4npaksuus mitataan yleens\u00e4 kuukauden 10., 20. ja 30. p\u00e4iv\u00e4.\u00a0<strong>Huomio!\u00a0J\u00e4\u00e4npaksuusmittaukset edustavat vain kyseist\u00e4 paikkaa ja ajankohtaa ja ovat siten ohjeellisia,<\/strong>\u00a0eik\u00e4 niit\u00e4 voi yleist\u00e4\u00e4 koskemaan laajoja alueita.<\/p>\n<p><a title=\"http:\/\/wwwi3.ymparisto.fi\/i3\/tilanne\/fin\/Jaanpaksuus\/Jaanpaksuus.htm\" href=\"http:\/\/wwwi3.ymparisto.fi\/i3\/tilanne\/fin\/Jaanpaksuus\/Jaanpaksuus.htm\">Vesist\u00f6jen j\u00e4\u00e4npaksuushavainnot<\/a><\/p>\n<div style=\"margin-top: 0px; margin-bottom: 0px;\" class=\"sharethis-inline-share-buttons\" ><\/div>","protected":false},"excerpt":{"rendered":"<div class=\"mh-excerpt\"><p>\u00c4\u00e4nekosken \u00c4\u00e4nej\u00e4rvi 10.01.2021. \u00a9 Kuva: Merja Pulkkanen SYKE Koko maan vesist\u00f6jen j\u00e4\u00e4 on 10-30 cm ohuempaa kuin tavallisesti t\u00e4h\u00e4n aikaan. Etel\u00e4-Suomen j\u00e4rvien j\u00e4it\u00e4 ei ole <a class=\"mh-excerpt-more\" href=\"https:\/\/www.vedet.toutestbleu.info\/index.php\/2021\/01\/11\/jaanpaksuus-vaihtelee-petollisesti-koko-maassa-ja-jaat-ovat-normaalia-ohuempia-erityisesti-etela-suomessa\/\" title=\"J\u00e4\u00e4npaksuus vaihtelee petollisesti koko maassa ja j\u00e4\u00e4t ovat normaalia ohuempia erityisesti Etel\u00e4-Suomessa\">[&#8230;]<\/a><\/p>\n<\/div>","protected":false},"author":1,"featured_media":0,"comment_status":"closed","ping_status":"closed","sticky":false,"template":"","format":"standard","meta":{"footnotes":""},"categories":[32],"tags":[],"class_list":["post-192","post","type-post","status-publish","format-standard","hentry","category-vesistojen-jaanpaksuus"],"yoast_head":"<!-- This site is optimized with the Yoast SEO plugin v27.5 - https:\/\/yoast.com\/product\/yoast-seo-wordpress\/ -->\n<title>J\u00e4\u00e4npaksuus vaihtelee petollisesti koko maassa ja j\u00e4\u00e4t ovat normaalia ohuempia erityisesti Etel\u00e4-Suomessa - Suvi P\u00e4ivikki - Vesist\u00f6uutiset<\/title>\n<meta name=\"robots\" content=\"index, follow, max-snippet:-1, max-image-preview:large, max-video-preview:-1\" \/>\n<link rel=\"canonical\" href=\"https:\/\/www.vedet.toutestbleu.info\/index.php\/2021\/01\/11\/jaanpaksuus-vaihtelee-petollisesti-koko-maassa-ja-jaat-ovat-normaalia-ohuempia-erityisesti-etela-suomessa\/\" \/>\n<meta property=\"og:locale\" content=\"en_US\" \/>\n<meta property=\"og:type\" content=\"article\" \/>\n<meta property=\"og:title\" content=\"J\u00e4\u00e4npaksuus vaihtelee petollisesti koko maassa ja j\u00e4\u00e4t ovat normaalia ohuempia erityisesti Etel\u00e4-Suomessa - Suvi P\u00e4ivikki - Vesist\u00f6uutiset\" \/>\n<meta property=\"og:description\" content=\"\u00c4\u00e4nekosken \u00c4\u00e4nej\u00e4rvi 10.01.2021. \u00a9 Kuva: Merja Pulkkanen SYKE Koko maan vesist\u00f6jen j\u00e4\u00e4 on 10-30 cm ohuempaa kuin tavallisesti t\u00e4h\u00e4n aikaan. Etel\u00e4-Suomen j\u00e4rvien j\u00e4it\u00e4 ei ole [...]\" \/>\n<meta property=\"og:url\" content=\"https:\/\/www.vedet.toutestbleu.info\/index.php\/2021\/01\/11\/jaanpaksuus-vaihtelee-petollisesti-koko-maassa-ja-jaat-ovat-normaalia-ohuempia-erityisesti-etela-suomessa\/\" \/>\n<meta property=\"og:site_name\" content=\"Suvi P\u00e4ivikki - Vesist\u00f6uutiset\" \/>\n<meta property=\"article:publisher\" content=\"https:\/\/www.facebook.com\/suviweather\" \/>\n<meta property=\"article:published_time\" content=\"2021-01-11T12:57:17+00:00\" \/>\n<meta property=\"og:image\" content=\"http:\/\/www.vedet.toutestbleu.info\/wp-content\/uploads\/2021\/01\/Aanekosken-Aanejarvi_jaatymassa_10-01-2021_Kuva_Merja_Pulkkanen_SYKE.png\" \/>\n<meta name=\"author\" content=\"kerttuvali\" \/>\n<meta name=\"twitter:card\" content=\"summary_large_image\" \/>\n<meta name=\"twitter:creator\" content=\"@toutestbleu\" \/>\n<meta name=\"twitter:site\" content=\"@toutestbleu\" \/>\n<meta name=\"twitter:label1\" content=\"Written by\" \/>\n\t<meta name=\"twitter:data1\" content=\"kerttuvali\" \/>\n\t<meta name=\"twitter:label2\" content=\"Est. reading time\" \/>\n\t<meta name=\"twitter:data2\" content=\"1 minute\" \/>\n<script type=\"application\/ld+json\" class=\"yoast-schema-graph\">{\"@context\":\"https:\\\/\\\/schema.org\",\"@graph\":[{\"@type\":\"Article\",\"@id\":\"https:\\\/\\\/www.vedet.toutestbleu.info\\\/index.php\\\/2021\\\/01\\\/11\\\/jaanpaksuus-vaihtelee-petollisesti-koko-maassa-ja-jaat-ovat-normaalia-ohuempia-erityisesti-etela-suomessa\\\/#article\",\"isPartOf\":{\"@id\":\"https:\\\/\\\/www.vedet.toutestbleu.info\\\/index.php\\\/2021\\\/01\\\/11\\\/jaanpaksuus-vaihtelee-petollisesti-koko-maassa-ja-jaat-ovat-normaalia-ohuempia-erityisesti-etela-suomessa\\\/\"},\"author\":{\"name\":\"kerttuvali\",\"@id\":\"https:\\\/\\\/www.vedet.toutestbleu.info\\\/#\\\/schema\\\/person\\\/c5e04e2500a7d2ae32800ba83b651d58\"},\"headline\":\"J\u00e4\u00e4npaksuus vaihtelee petollisesti koko maassa ja j\u00e4\u00e4t ovat normaalia ohuempia erityisesti Etel\u00e4-Suomessa\",\"datePublished\":\"2021-01-11T12:57:17+00:00\",\"mainEntityOfPage\":{\"@id\":\"https:\\\/\\\/www.vedet.toutestbleu.info\\\/index.php\\\/2021\\\/01\\\/11\\\/jaanpaksuus-vaihtelee-petollisesti-koko-maassa-ja-jaat-ovat-normaalia-ohuempia-erityisesti-etela-suomessa\\\/\"},\"wordCount\":299,\"publisher\":{\"@id\":\"https:\\\/\\\/www.vedet.toutestbleu.info\\\/#organization\"},\"image\":{\"@id\":\"https:\\\/\\\/www.vedet.toutestbleu.info\\\/index.php\\\/2021\\\/01\\\/11\\\/jaanpaksuus-vaihtelee-petollisesti-koko-maassa-ja-jaat-ovat-normaalia-ohuempia-erityisesti-etela-suomessa\\\/#primaryimage\"},\"thumbnailUrl\":\"http:\\\/\\\/www.vedet.toutestbleu.info\\\/wp-content\\\/uploads\\\/2021\\\/01\\\/Aanekosken-Aanejarvi_jaatymassa_10-01-2021_Kuva_Merja_Pulkkanen_SYKE.png\",\"articleSection\":[\"Vesist\u00f6jen J\u00e4\u00e4npaksuus\"],\"inLanguage\":\"en-US\"},{\"@type\":\"WebPage\",\"@id\":\"https:\\\/\\\/www.vedet.toutestbleu.info\\\/index.php\\\/2021\\\/01\\\/11\\\/jaanpaksuus-vaihtelee-petollisesti-koko-maassa-ja-jaat-ovat-normaalia-ohuempia-erityisesti-etela-suomessa\\\/\",\"url\":\"https:\\\/\\\/www.vedet.toutestbleu.info\\\/index.php\\\/2021\\\/01\\\/11\\\/jaanpaksuus-vaihtelee-petollisesti-koko-maassa-ja-jaat-ovat-normaalia-ohuempia-erityisesti-etela-suomessa\\\/\",\"name\":\"J\u00e4\u00e4npaksuus vaihtelee petollisesti koko maassa ja j\u00e4\u00e4t ovat normaalia ohuempia erityisesti Etel\u00e4-Suomessa - Suvi P\u00e4ivikki - Vesist\u00f6uutiset\",\"isPartOf\":{\"@id\":\"https:\\\/\\\/www.vedet.toutestbleu.info\\\/#website\"},\"primaryImageOfPage\":{\"@id\":\"https:\\\/\\\/www.vedet.toutestbleu.info\\\/index.php\\\/2021\\\/01\\\/11\\\/jaanpaksuus-vaihtelee-petollisesti-koko-maassa-ja-jaat-ovat-normaalia-ohuempia-erityisesti-etela-suomessa\\\/#primaryimage\"},\"image\":{\"@id\":\"https:\\\/\\\/www.vedet.toutestbleu.info\\\/index.php\\\/2021\\\/01\\\/11\\\/jaanpaksuus-vaihtelee-petollisesti-koko-maassa-ja-jaat-ovat-normaalia-ohuempia-erityisesti-etela-suomessa\\\/#primaryimage\"},\"thumbnailUrl\":\"http:\\\/\\\/www.vedet.toutestbleu.info\\\/wp-content\\\/uploads\\\/2021\\\/01\\\/Aanekosken-Aanejarvi_jaatymassa_10-01-2021_Kuva_Merja_Pulkkanen_SYKE.png\",\"datePublished\":\"2021-01-11T12:57:17+00:00\",\"breadcrumb\":{\"@id\":\"https:\\\/\\\/www.vedet.toutestbleu.info\\\/index.php\\\/2021\\\/01\\\/11\\\/jaanpaksuus-vaihtelee-petollisesti-koko-maassa-ja-jaat-ovat-normaalia-ohuempia-erityisesti-etela-suomessa\\\/#breadcrumb\"},\"inLanguage\":\"en-US\",\"potentialAction\":[{\"@type\":\"ReadAction\",\"target\":[\"https:\\\/\\\/www.vedet.toutestbleu.info\\\/index.php\\\/2021\\\/01\\\/11\\\/jaanpaksuus-vaihtelee-petollisesti-koko-maassa-ja-jaat-ovat-normaalia-ohuempia-erityisesti-etela-suomessa\\\/\"]}]},{\"@type\":\"ImageObject\",\"inLanguage\":\"en-US\",\"@id\":\"https:\\\/\\\/www.vedet.toutestbleu.info\\\/index.php\\\/2021\\\/01\\\/11\\\/jaanpaksuus-vaihtelee-petollisesti-koko-maassa-ja-jaat-ovat-normaalia-ohuempia-erityisesti-etela-suomessa\\\/#primaryimage\",\"url\":\"https:\\\/\\\/www.vedet.toutestbleu.info\\\/wp-content\\\/uploads\\\/2021\\\/01\\\/Aanekosken-Aanejarvi_jaatymassa_10-01-2021_Kuva_Merja_Pulkkanen_SYKE.png\",\"contentUrl\":\"https:\\\/\\\/www.vedet.toutestbleu.info\\\/wp-content\\\/uploads\\\/2021\\\/01\\\/Aanekosken-Aanejarvi_jaatymassa_10-01-2021_Kuva_Merja_Pulkkanen_SYKE.png\",\"width\":556,\"height\":330},{\"@type\":\"BreadcrumbList\",\"@id\":\"https:\\\/\\\/www.vedet.toutestbleu.info\\\/index.php\\\/2021\\\/01\\\/11\\\/jaanpaksuus-vaihtelee-petollisesti-koko-maassa-ja-jaat-ovat-normaalia-ohuempia-erityisesti-etela-suomessa\\\/#breadcrumb\",\"itemListElement\":[{\"@type\":\"ListItem\",\"position\":1,\"name\":\"Home\",\"item\":\"https:\\\/\\\/www.vedet.toutestbleu.info\\\/\"},{\"@type\":\"ListItem\",\"position\":2,\"name\":\"J\u00e4\u00e4npaksuus vaihtelee petollisesti koko maassa ja j\u00e4\u00e4t ovat normaalia ohuempia erityisesti Etel\u00e4-Suomessa\"}]},{\"@type\":\"WebSite\",\"@id\":\"https:\\\/\\\/www.vedet.toutestbleu.info\\\/#website\",\"url\":\"https:\\\/\\\/www.vedet.toutestbleu.info\\\/\",\"name\":\"Suvi P\u00e4ivikki - Vesist\u00f6uutiset\",\"description\":\"S&auml;&auml; ja Ilmastosivut\",\"publisher\":{\"@id\":\"https:\\\/\\\/www.vedet.toutestbleu.info\\\/#organization\"},\"potentialAction\":[{\"@type\":\"SearchAction\",\"target\":{\"@type\":\"EntryPoint\",\"urlTemplate\":\"https:\\\/\\\/www.vedet.toutestbleu.info\\\/?s={search_term_string}\"},\"query-input\":{\"@type\":\"PropertyValueSpecification\",\"valueRequired\":true,\"valueName\":\"search_term_string\"}}],\"inLanguage\":\"en-US\"},{\"@type\":\"Organization\",\"@id\":\"https:\\\/\\\/www.vedet.toutestbleu.info\\\/#organization\",\"name\":\"S\u00e4\u00e4asema Suvi P\u00e4ivikki\",\"url\":\"https:\\\/\\\/www.vedet.toutestbleu.info\\\/\",\"logo\":{\"@type\":\"ImageObject\",\"inLanguage\":\"en-US\",\"@id\":\"https:\\\/\\\/www.vedet.toutestbleu.info\\\/#\\\/schema\\\/logo\\\/image\\\/\",\"url\":\"https:\\\/\\\/www.vedet.toutestbleu.info\\\/wp-content\\\/uploads\\\/2022\\\/06\\\/140192989_3766714450061348_3896388551266074097_n.png\",\"contentUrl\":\"https:\\\/\\\/www.vedet.toutestbleu.info\\\/wp-content\\\/uploads\\\/2022\\\/06\\\/140192989_3766714450061348_3896388551266074097_n.png\",\"width\":410,\"height\":410,\"caption\":\"S\u00e4\u00e4asema Suvi P\u00e4ivikki\"},\"image\":{\"@id\":\"https:\\\/\\\/www.vedet.toutestbleu.info\\\/#\\\/schema\\\/logo\\\/image\\\/\"},\"sameAs\":[\"https:\\\/\\\/www.facebook.com\\\/suviweather\",\"https:\\\/\\\/x.com\\\/toutestbleu\"]},{\"@type\":\"Person\",\"@id\":\"https:\\\/\\\/www.vedet.toutestbleu.info\\\/#\\\/schema\\\/person\\\/c5e04e2500a7d2ae32800ba83b651d58\",\"name\":\"kerttuvali\",\"image\":{\"@type\":\"ImageObject\",\"inLanguage\":\"en-US\",\"@id\":\"https:\\\/\\\/secure.gravatar.com\\\/avatar\\\/34f9eb33e52825eab50bc639b8871ba0b5c6f257f9417fd74cf8bf1b033a42f1?s=96&d=mm&r=g\",\"url\":\"https:\\\/\\\/secure.gravatar.com\\\/avatar\\\/34f9eb33e52825eab50bc639b8871ba0b5c6f257f9417fd74cf8bf1b033a42f1?s=96&d=mm&r=g\",\"contentUrl\":\"https:\\\/\\\/secure.gravatar.com\\\/avatar\\\/34f9eb33e52825eab50bc639b8871ba0b5c6f257f9417fd74cf8bf1b033a42f1?s=96&d=mm&r=g\",\"caption\":\"kerttuvali\"},\"url\":\"https:\\\/\\\/www.vedet.toutestbleu.info\\\/index.php\\\/author\\\/kerttuvali\\\/\"}]}<\/script>\n<!-- \/ Yoast SEO plugin. -->","yoast_head_json":{"title":"J\u00e4\u00e4npaksuus vaihtelee petollisesti koko maassa ja j\u00e4\u00e4t ovat normaalia ohuempia erityisesti Etel\u00e4-Suomessa - Suvi P\u00e4ivikki - Vesist\u00f6uutiset","robots":{"index":"index","follow":"follow","max-snippet":"max-snippet:-1","max-image-preview":"max-image-preview:large","max-video-preview":"max-video-preview:-1"},"canonical":"https:\/\/www.vedet.toutestbleu.info\/index.php\/2021\/01\/11\/jaanpaksuus-vaihtelee-petollisesti-koko-maassa-ja-jaat-ovat-normaalia-ohuempia-erityisesti-etela-suomessa\/","og_locale":"en_US","og_type":"article","og_title":"J\u00e4\u00e4npaksuus vaihtelee petollisesti koko maassa ja j\u00e4\u00e4t ovat normaalia ohuempia erityisesti Etel\u00e4-Suomessa - Suvi P\u00e4ivikki - Vesist\u00f6uutiset","og_description":"\u00c4\u00e4nekosken \u00c4\u00e4nej\u00e4rvi 10.01.2021. \u00a9 Kuva: Merja Pulkkanen SYKE Koko maan vesist\u00f6jen j\u00e4\u00e4 on 10-30 cm ohuempaa kuin tavallisesti t\u00e4h\u00e4n aikaan. Etel\u00e4-Suomen j\u00e4rvien j\u00e4it\u00e4 ei ole [...]","og_url":"https:\/\/www.vedet.toutestbleu.info\/index.php\/2021\/01\/11\/jaanpaksuus-vaihtelee-petollisesti-koko-maassa-ja-jaat-ovat-normaalia-ohuempia-erityisesti-etela-suomessa\/","og_site_name":"Suvi P\u00e4ivikki - Vesist\u00f6uutiset","article_publisher":"https:\/\/www.facebook.com\/suviweather","article_published_time":"2021-01-11T12:57:17+00:00","og_image":[{"url":"http:\/\/www.vedet.toutestbleu.info\/wp-content\/uploads\/2021\/01\/Aanekosken-Aanejarvi_jaatymassa_10-01-2021_Kuva_Merja_Pulkkanen_SYKE.png","type":"","width":"","height":""}],"author":"kerttuvali","twitter_card":"summary_large_image","twitter_creator":"@toutestbleu","twitter_site":"@toutestbleu","twitter_misc":{"Written by":"kerttuvali","Est. reading time":"1 minute"},"schema":{"@context":"https:\/\/schema.org","@graph":[{"@type":"Article","@id":"https:\/\/www.vedet.toutestbleu.info\/index.php\/2021\/01\/11\/jaanpaksuus-vaihtelee-petollisesti-koko-maassa-ja-jaat-ovat-normaalia-ohuempia-erityisesti-etela-suomessa\/#article","isPartOf":{"@id":"https:\/\/www.vedet.toutestbleu.info\/index.php\/2021\/01\/11\/jaanpaksuus-vaihtelee-petollisesti-koko-maassa-ja-jaat-ovat-normaalia-ohuempia-erityisesti-etela-suomessa\/"},"author":{"name":"kerttuvali","@id":"https:\/\/www.vedet.toutestbleu.info\/#\/schema\/person\/c5e04e2500a7d2ae32800ba83b651d58"},"headline":"J\u00e4\u00e4npaksuus vaihtelee petollisesti koko maassa ja j\u00e4\u00e4t ovat normaalia ohuempia erityisesti Etel\u00e4-Suomessa","datePublished":"2021-01-11T12:57:17+00:00","mainEntityOfPage":{"@id":"https:\/\/www.vedet.toutestbleu.info\/index.php\/2021\/01\/11\/jaanpaksuus-vaihtelee-petollisesti-koko-maassa-ja-jaat-ovat-normaalia-ohuempia-erityisesti-etela-suomessa\/"},"wordCount":299,"publisher":{"@id":"https:\/\/www.vedet.toutestbleu.info\/#organization"},"image":{"@id":"https:\/\/www.vedet.toutestbleu.info\/index.php\/2021\/01\/11\/jaanpaksuus-vaihtelee-petollisesti-koko-maassa-ja-jaat-ovat-normaalia-ohuempia-erityisesti-etela-suomessa\/#primaryimage"},"thumbnailUrl":"http:\/\/www.vedet.toutestbleu.info\/wp-content\/uploads\/2021\/01\/Aanekosken-Aanejarvi_jaatymassa_10-01-2021_Kuva_Merja_Pulkkanen_SYKE.png","articleSection":["Vesist\u00f6jen J\u00e4\u00e4npaksuus"],"inLanguage":"en-US"},{"@type":"WebPage","@id":"https:\/\/www.vedet.toutestbleu.info\/index.php\/2021\/01\/11\/jaanpaksuus-vaihtelee-petollisesti-koko-maassa-ja-jaat-ovat-normaalia-ohuempia-erityisesti-etela-suomessa\/","url":"https:\/\/www.vedet.toutestbleu.info\/index.php\/2021\/01\/11\/jaanpaksuus-vaihtelee-petollisesti-koko-maassa-ja-jaat-ovat-normaalia-ohuempia-erityisesti-etela-suomessa\/","name":"J\u00e4\u00e4npaksuus vaihtelee petollisesti koko maassa ja j\u00e4\u00e4t ovat normaalia ohuempia erityisesti Etel\u00e4-Suomessa - Suvi P\u00e4ivikki - Vesist\u00f6uutiset","isPartOf":{"@id":"https:\/\/www.vedet.toutestbleu.info\/#website"},"primaryImageOfPage":{"@id":"https:\/\/www.vedet.toutestbleu.info\/index.php\/2021\/01\/11\/jaanpaksuus-vaihtelee-petollisesti-koko-maassa-ja-jaat-ovat-normaalia-ohuempia-erityisesti-etela-suomessa\/#primaryimage"},"image":{"@id":"https:\/\/www.vedet.toutestbleu.info\/index.php\/2021\/01\/11\/jaanpaksuus-vaihtelee-petollisesti-koko-maassa-ja-jaat-ovat-normaalia-ohuempia-erityisesti-etela-suomessa\/#primaryimage"},"thumbnailUrl":"http:\/\/www.vedet.toutestbleu.info\/wp-content\/uploads\/2021\/01\/Aanekosken-Aanejarvi_jaatymassa_10-01-2021_Kuva_Merja_Pulkkanen_SYKE.png","datePublished":"2021-01-11T12:57:17+00:00","breadcrumb":{"@id":"https:\/\/www.vedet.toutestbleu.info\/index.php\/2021\/01\/11\/jaanpaksuus-vaihtelee-petollisesti-koko-maassa-ja-jaat-ovat-normaalia-ohuempia-erityisesti-etela-suomessa\/#breadcrumb"},"inLanguage":"en-US","potentialAction":[{"@type":"ReadAction","target":["https:\/\/www.vedet.toutestbleu.info\/index.php\/2021\/01\/11\/jaanpaksuus-vaihtelee-petollisesti-koko-maassa-ja-jaat-ovat-normaalia-ohuempia-erityisesti-etela-suomessa\/"]}]},{"@type":"ImageObject","inLanguage":"en-US","@id":"https:\/\/www.vedet.toutestbleu.info\/index.php\/2021\/01\/11\/jaanpaksuus-vaihtelee-petollisesti-koko-maassa-ja-jaat-ovat-normaalia-ohuempia-erityisesti-etela-suomessa\/#primaryimage","url":"https:\/\/www.vedet.toutestbleu.info\/wp-content\/uploads\/2021\/01\/Aanekosken-Aanejarvi_jaatymassa_10-01-2021_Kuva_Merja_Pulkkanen_SYKE.png","contentUrl":"https:\/\/www.vedet.toutestbleu.info\/wp-content\/uploads\/2021\/01\/Aanekosken-Aanejarvi_jaatymassa_10-01-2021_Kuva_Merja_Pulkkanen_SYKE.png","width":556,"height":330},{"@type":"BreadcrumbList","@id":"https:\/\/www.vedet.toutestbleu.info\/index.php\/2021\/01\/11\/jaanpaksuus-vaihtelee-petollisesti-koko-maassa-ja-jaat-ovat-normaalia-ohuempia-erityisesti-etela-suomessa\/#breadcrumb","itemListElement":[{"@type":"ListItem","position":1,"name":"Home","item":"https:\/\/www.vedet.toutestbleu.info\/"},{"@type":"ListItem","position":2,"name":"J\u00e4\u00e4npaksuus vaihtelee petollisesti koko maassa ja j\u00e4\u00e4t ovat normaalia ohuempia erityisesti Etel\u00e4-Suomessa"}]},{"@type":"WebSite","@id":"https:\/\/www.vedet.toutestbleu.info\/#website","url":"https:\/\/www.vedet.toutestbleu.info\/","name":"Suvi P\u00e4ivikki - Vesist\u00f6uutiset","description":"S&auml;&auml; ja Ilmastosivut","publisher":{"@id":"https:\/\/www.vedet.toutestbleu.info\/#organization"},"potentialAction":[{"@type":"SearchAction","target":{"@type":"EntryPoint","urlTemplate":"https:\/\/www.vedet.toutestbleu.info\/?s={search_term_string}"},"query-input":{"@type":"PropertyValueSpecification","valueRequired":true,"valueName":"search_term_string"}}],"inLanguage":"en-US"},{"@type":"Organization","@id":"https:\/\/www.vedet.toutestbleu.info\/#organization","name":"S\u00e4\u00e4asema Suvi P\u00e4ivikki","url":"https:\/\/www.vedet.toutestbleu.info\/","logo":{"@type":"ImageObject","inLanguage":"en-US","@id":"https:\/\/www.vedet.toutestbleu.info\/#\/schema\/logo\/image\/","url":"https:\/\/www.vedet.toutestbleu.info\/wp-content\/uploads\/2022\/06\/140192989_3766714450061348_3896388551266074097_n.png","contentUrl":"https:\/\/www.vedet.toutestbleu.info\/wp-content\/uploads\/2022\/06\/140192989_3766714450061348_3896388551266074097_n.png","width":410,"height":410,"caption":"S\u00e4\u00e4asema Suvi P\u00e4ivikki"},"image":{"@id":"https:\/\/www.vedet.toutestbleu.info\/#\/schema\/logo\/image\/"},"sameAs":["https:\/\/www.facebook.com\/suviweather","https:\/\/x.com\/toutestbleu"]},{"@type":"Person","@id":"https:\/\/www.vedet.toutestbleu.info\/#\/schema\/person\/c5e04e2500a7d2ae32800ba83b651d58","name":"kerttuvali","image":{"@type":"ImageObject","inLanguage":"en-US","@id":"https:\/\/secure.gravatar.com\/avatar\/34f9eb33e52825eab50bc639b8871ba0b5c6f257f9417fd74cf8bf1b033a42f1?s=96&d=mm&r=g","url":"https:\/\/secure.gravatar.com\/avatar\/34f9eb33e52825eab50bc639b8871ba0b5c6f257f9417fd74cf8bf1b033a42f1?s=96&d=mm&r=g","contentUrl":"https:\/\/secure.gravatar.com\/avatar\/34f9eb33e52825eab50bc639b8871ba0b5c6f257f9417fd74cf8bf1b033a42f1?s=96&d=mm&r=g","caption":"kerttuvali"},"url":"https:\/\/www.vedet.toutestbleu.info\/index.php\/author\/kerttuvali\/"}]}},"_links":{"self":[{"href":"https:\/\/www.vedet.toutestbleu.info\/index.php\/wp-json\/wp\/v2\/posts\/192","targetHints":{"allow":["GET"]}}],"collection":[{"href":"https:\/\/www.vedet.toutestbleu.info\/index.php\/wp-json\/wp\/v2\/posts"}],"about":[{"href":"https:\/\/www.vedet.toutestbleu.info\/index.php\/wp-json\/wp\/v2\/types\/post"}],"author":[{"embeddable":true,"href":"https:\/\/www.vedet.toutestbleu.info\/index.php\/wp-json\/wp\/v2\/users\/1"}],"replies":[{"embeddable":true,"href":"https:\/\/www.vedet.toutestbleu.info\/index.php\/wp-json\/wp\/v2\/comments?post=192"}],"version-history":[{"count":1,"href":"https:\/\/www.vedet.toutestbleu.info\/index.php\/wp-json\/wp\/v2\/posts\/192\/revisions"}],"predecessor-version":[{"id":194,"href":"https:\/\/www.vedet.toutestbleu.info\/index.php\/wp-json\/wp\/v2\/posts\/192\/revisions\/194"}],"wp:attachment":[{"href":"https:\/\/www.vedet.toutestbleu.info\/index.php\/wp-json\/wp\/v2\/media?parent=192"}],"wp:term":[{"taxonomy":"category","embeddable":true,"href":"https:\/\/www.vedet.toutestbleu.info\/index.php\/wp-json\/wp\/v2\/categories?post=192"},{"taxonomy":"post_tag","embeddable":true,"href":"https:\/\/www.vedet.toutestbleu.info\/index.php\/wp-json\/wp\/v2\/tags?post=192"}],"curies":[{"name":"wp","href":"https:\/\/api.w.org\/{rel}","templated":true}]}}